[{"command":"insert","method":"before","selector":"#wrapper-more","data":"\u003Cdiv class=\u0022row content-resultat\u0022\u003E\n    \u003Cdiv class=\u0022un-resultat col-12 col-sm-6 col-md-4 col-xl-3\u0022\u003E\u003Cdiv class=\u0022objet-touristique teaser_large entity-content teaser click-block\u0022 data-id=\u00225707363\u0022 data-title=\u0022Plage des Saumonards\u0022 data-id-intuitiv=\u0022sit-5707363\u0022 data-url=\u0022https:\/\/www.ile-oleron-marennes.com\/preparer-mes-vacances\/quoi-faire\/activites-nautiques\/plages\/plage-des-saumonards\u0022\u003E\n    \u003Cdiv class=\u0022content\u0022\u003E\n        \u003Cdiv class=\u0022content-image\u0022\u003E\n            \u003Cdiv class=\u0022image\u0022\u003E    \u003Cpicture\u003E\n                  \u003Csource srcset=\u0022\/sites\/default\/files\/styles\/teaser_large_xl\/public\/sit\/images\/5707363\/9170861.jpg.webp?h=199d8c1f\u0026amp;itok=GsN0sqEW 1x\u0022 media=\u0022(min-width: 1600px)\u0022 type=\u0022image\/webp\u0022 width=\u0022410\u0022 height=\u0022275\u0022\/\u003E\n              \u003Csource srcset=\u0022\/sites\/default\/files\/styles\/teaser_large_xs\/public\/sit\/images\/5707363\/9170861.jpg.webp?h=199d8c1f\u0026amp;itok=yCj-hM4L 1x\u0022 media=\u0022(min-width: 0)\u0022 type=\u0022image\/webp\u0022 width=\u0022330\u0022 height=\u0022218\u0022\/\u003E\n                  \u003Cimg loading=\u0022eager\u0022 width=\u0022330\u0022 height=\u0022218\u0022 src=\u0022\/sites\/default\/files\/styles\/teaser_large_xs\/public\/sit\/images\/5707363\/9170861.jpg.webp?h=199d8c1f\u0026amp;itok=yCj-hM4L\u0022 alt=\u0022plage des saumonards\u0022 title=\u0022Plage des Saumonards\u0022 \/\u003E\n\n  \u003C\/picture\u003E\n\n\u003C\/div\u003E\n                                            \n                                                        \n        \u003C\/div\u003E\n        \u003Cdiv class=\u0022content-text\u0022\u003E\n            \n            \n                                        \u003Ca class=\u0022title link-block\u0022 href=\u0022https:\/\/www.ile-oleron-marennes.com\/preparer-mes-vacances\/quoi-faire\/activites-nautiques\/plages\/plage-des-saumonards\u0022 title=\u0022Plage des Saumonards\u0022\u003EPlage des Saumonards\u003C\/a\u003E\n                        \n            \u003Cdiv\u003E\n                                \u003Cdiv class=\u0022info-complementaire\u0022\u003ESaint-Georges-d\u0026#039;Ol\u00e9ron\u003C\/div\u003E                                            \u003C\/div\u003E\n        \u003C\/div\u003E\n            \u003C\/div\u003E\n\u003C\/div\u003E\n\u003C\/div\u003E\u003Cdiv class=\u0022un-resultat col-12 col-sm-6 col-md-4 col-xl-3\u0022\u003E\u003Cdiv class=\u0022objet-touristique teaser_large entity-content teaser click-block\u0022 data-id=\u00225743739\u0022 data-title=\u0022Parking Plage de Gatseau\u0022 data-id-intuitiv=\u0022sit-5743739\u0022 data-url=\u0022https:\/\/www.ile-oleron-marennes.com\/commerces-et-services-sites-communaux\/parking-plage-de-gatseau\u0022\u003E\n    \u003Cdiv class=\u0022content\u0022\u003E\n        \u003Cdiv class=\u0022content-image\u0022\u003E\n            \u003Cdiv class=\u0022image\u0022\u003E    \u003Cpicture\u003E\n                  \u003Csource srcset=\u0022\/sites\/default\/files\/styles\/teaser_large_xl\/public\/sit\/images\/5743739\/9986753.jpg.webp?h=ddb1ad0c\u0026amp;itok=1OPxkz-P 1x\u0022 media=\u0022(min-width: 1600px)\u0022 type=\u0022image\/webp\u0022 width=\u0022410\u0022 height=\u0022275\u0022\/\u003E\n              \u003Csource srcset=\u0022\/sites\/default\/files\/styles\/teaser_large_xs\/public\/sit\/images\/5743739\/9986753.jpg.webp?h=ddb1ad0c\u0026amp;itok=GDSDaCsv 1x\u0022 media=\u0022(min-width: 0)\u0022 type=\u0022image\/webp\u0022 width=\u0022330\u0022 height=\u0022218\u0022\/\u003E\n                  \u003Cimg loading=\u0022eager\u0022 width=\u0022330\u0022 height=\u0022218\u0022 src=\u0022\/sites\/default\/files\/styles\/teaser_large_xs\/public\/sit\/images\/5743739\/9986753.jpg.webp?h=ddb1ad0c\u0026amp;itok=GDSDaCsv\u0022 alt=\u0022Gatseau\u0022 title=\u0022Gatseau\u0022 \/\u003E\n\n  \u003C\/picture\u003E\n\n\u003C\/div\u003E\n                                            \n                                                        \n        \u003C\/div\u003E\n        \u003Cdiv class=\u0022content-text\u0022\u003E\n            \n            \n                                        \u003Ca class=\u0022title link-block\u0022 href=\u0022https:\/\/www.ile-oleron-marennes.com\/commerces-et-services-sites-communaux\/parking-plage-de-gatseau\u0022 title=\u0022Parking Plage de Gatseau\u0022\u003EParking Plage de Gatseau\u003C\/a\u003E\n                        \n            \u003Cdiv\u003E\n                                \u003Cdiv class=\u0022info-complementaire\u0022\u003ESaint-Trojan-les-Bains\u003C\/div\u003E                                            \u003C\/div\u003E\n        \u003C\/div\u003E\n            \u003C\/div\u003E\n\u003C\/div\u003E\n\u003C\/div\u003E\u003Cdiv class=\u0022un-resultat col-12 col-sm-6 col-md-4 col-xl-3\u0022\u003E\u003Cdiv class=\u0022objet-touristique teaser_large entity-content teaser click-block\u0022 data-id=\u00225743747\u0022 data-title=\u0022Parking Grande Plage\u0022 data-id-intuitiv=\u0022sit-5743747\u0022 data-url=\u0022https:\/\/www.ile-oleron-marennes.com\/commerces-et-services-sites-communaux\/parking-grande-plage\u0022\u003E\n    \u003Cdiv class=\u0022content\u0022\u003E\n        \u003Cdiv class=\u0022content-image\u0022\u003E\n            \u003Cdiv class=\u0022image\u0022\u003E    \u003Cpicture\u003E\n                  \u003Csource srcset=\u0022\/sites\/default\/files\/styles\/teaser_large_xl\/public\/sit\/images\/5743747\/9986742.jpg.webp?h=ddb1ad0c\u0026amp;itok=BvsAYAuN 1x\u0022 media=\u0022(min-width: 1600px)\u0022 type=\u0022image\/webp\u0022 width=\u0022410\u0022 height=\u0022275\u0022\/\u003E\n              \u003Csource srcset=\u0022\/sites\/default\/files\/styles\/teaser_large_xs\/public\/sit\/images\/5743747\/9986742.jpg.webp?h=ddb1ad0c\u0026amp;itok=Gv99Z6YZ 1x\u0022 media=\u0022(min-width: 0)\u0022 type=\u0022image\/webp\u0022 width=\u0022330\u0022 height=\u0022218\u0022\/\u003E\n                  \u003Cimg loading=\u0022eager\u0022 width=\u0022330\u0022 height=\u0022218\u0022 src=\u0022\/sites\/default\/files\/styles\/teaser_large_xs\/public\/sit\/images\/5743747\/9986742.jpg.webp?h=ddb1ad0c\u0026amp;itok=Gv99Z6YZ\u0022 alt=\u0022Parking grande plage\u0022 title=\u0022Parking grande plage\u0022 \/\u003E\n\n  \u003C\/picture\u003E\n\n\u003C\/div\u003E\n                                            \n                                                        \n        \u003C\/div\u003E\n        \u003Cdiv class=\u0022content-text\u0022\u003E\n            \n            \n                                        \u003Ca class=\u0022title link-block\u0022 href=\u0022https:\/\/www.ile-oleron-marennes.com\/commerces-et-services-sites-communaux\/parking-grande-plage\u0022 title=\u0022Parking Grande Plage\u0022\u003EParking Grande Plage\u003C\/a\u003E\n                        \n            \u003Cdiv\u003E\n                                \u003Cdiv class=\u0022info-complementaire\u0022\u003ESaint-Trojan-les-Bains\u003C\/div\u003E                                            \u003C\/div\u003E\n        \u003C\/div\u003E\n            \u003C\/div\u003E\n\u003C\/div\u003E\n\u003C\/div\u003E\u003Cdiv class=\u0022un-resultat col-12 col-sm-6 col-md-4 col-xl-3\u0022\u003E\u003Cdiv class=\u0022objet-touristique teaser_large entity-content teaser click-block\u0022 data-id=\u00225722855\u0022 data-title=\u0022Parking plage du Treuil\u0022 data-id-intuitiv=\u0022sit-5722855\u0022 data-url=\u0022https:\/\/www.ile-oleron-marennes.com\/commerces-et-services-sites-communaux\/parking-plage-du-treuil\u0022\u003E\n    \u003Cdiv class=\u0022content\u0022\u003E\n        \u003Cdiv class=\u0022content-image\u0022\u003E\n            \u003Cdiv class=\u0022image\u0022\u003E    \u003Cpicture\u003E\n                  \u003Csource srcset=\u0022\/sites\/default\/files\/styles\/teaser_large_xl\/public\/sit\/images\/5722855\/9299436.jpg.webp?h=ddb1ad0c\u0026amp;itok=bqoDMPRg 1x\u0022 media=\u0022(min-width: 1600px)\u0022 type=\u0022image\/webp\u0022 width=\u0022410\u0022 height=\u0022275\u0022\/\u003E\n              \u003Csource srcset=\u0022\/sites\/default\/files\/styles\/teaser_large_xs\/public\/sit\/images\/5722855\/9299436.jpg.webp?h=ddb1ad0c\u0026amp;itok=oMkRS_5p 1x\u0022 media=\u0022(min-width: 0)\u0022 type=\u0022image\/webp\u0022 width=\u0022330\u0022 height=\u0022218\u0022\/\u003E\n                  \u003Cimg loading=\u0022eager\u0022 width=\u0022330\u0022 height=\u0022218\u0022 src=\u0022\/sites\/default\/files\/styles\/teaser_large_xs\/public\/sit\/images\/5722855\/9299436.jpg.webp?h=ddb1ad0c\u0026amp;itok=oMkRS_5p\u0022 alt=\u0022Parking du Treuil\u0022 title=\u0022Vue d\u0026#039;ensemble\u0022 \/\u003E\n\n  \u003C\/picture\u003E\n\n\u003C\/div\u003E\n                                            \n                                                        \n        \u003C\/div\u003E\n        \u003Cdiv class=\u0022content-text\u0022\u003E\n            \n            \n                                        \u003Ca class=\u0022title link-block\u0022 href=\u0022https:\/\/www.ile-oleron-marennes.com\/commerces-et-services-sites-communaux\/parking-plage-du-treuil\u0022 title=\u0022Parking plage du Treuil\u0022\u003EParking plage du Treuil\u003C\/a\u003E\n                        \n            \u003Cdiv\u003E\n                                \u003Cdiv class=\u0022info-complementaire\u0022\u003EDolus-d\u0026#039;Ol\u00e9ron\u003C\/div\u003E                                            \u003C\/div\u003E\n        \u003C\/div\u003E\n            \u003C\/div\u003E\n\u003C\/div\u003E\n\u003C\/div\u003E\u003Cdiv class=\u0022un-resultat col-12 col-sm-6 col-md-4 col-xl-3\u0022\u003E\u003Cdiv class=\u0022objet-touristique teaser_large entity-content teaser click-block\u0022 data-id=\u00227419605\u0022 data-title=\u0022Parking plage de Plaisance\u0022 data-id-intuitiv=\u0022sit-7419605\u0022 data-url=\u0022https:\/\/www.ile-oleron-marennes.com\/commerces-et-services-sites-communaux\/parking-plage-de-plaisance\u0022\u003E\n    \u003Cdiv class=\u0022content\u0022\u003E\n        \u003Cdiv class=\u0022content-image\u0022\u003E\n            \u003Cdiv class=\u0022image\u0022\u003E    \u003Cpicture\u003E\n                  \u003Csource srcset=\u0022\/sites\/default\/files\/styles\/teaser_large_xl\/public\/sit\/images\/7419605\/39974102.jpg.webp?h=a2b7f8c1\u0026amp;itok=ejt-450l 1x\u0022 media=\u0022(min-width: 1600px)\u0022 type=\u0022image\/webp\u0022 width=\u0022410\u0022 height=\u0022275\u0022\/\u003E\n              \u003Csource srcset=\u0022\/sites\/default\/files\/styles\/teaser_large_xs\/public\/sit\/images\/7419605\/39974102.jpg.webp?h=a2b7f8c1\u0026amp;itok=2_oq0h5x 1x\u0022 media=\u0022(min-width: 0)\u0022 type=\u0022image\/webp\u0022 width=\u0022330\u0022 height=\u0022218\u0022\/\u003E\n                  \u003Cimg loading=\u0022eager\u0022 width=\u0022330\u0022 height=\u0022218\u0022 src=\u0022\/sites\/default\/files\/styles\/teaser_large_xs\/public\/sit\/images\/7419605\/39974102.jpg.webp?h=a2b7f8c1\u0026amp;itok=2_oq0h5x\u0022 alt=\u0022Parking plage de Plaisance_Saint-Georges-d\u0026#039;Ol\u00e9ron\u0022 title=\u0022avril 2026\u0022 \/\u003E\n\n  \u003C\/picture\u003E\n\n\u003C\/div\u003E\n                                            \n                                                        \n        \u003C\/div\u003E\n        \u003Cdiv class=\u0022content-text\u0022\u003E\n            \n            \n                                        \u003Ca class=\u0022title link-block\u0022 href=\u0022https:\/\/www.ile-oleron-marennes.com\/commerces-et-services-sites-communaux\/parking-plage-de-plaisance\u0022 title=\u0022Parking plage de Plaisance\u0022\u003EParking plage de Plaisance\u003C\/a\u003E\n                        \n            \u003Cdiv\u003E\n                                \u003Cdiv class=\u0022info-complementaire\u0022\u003ESaint-Georges-d\u0026#039;Ol\u00e9ron\u003C\/div\u003E                                            \u003C\/div\u003E\n        \u003C\/div\u003E\n            \u003C\/div\u003E\n\u003C\/div\u003E\n\u003C\/div\u003E\u003Cdiv class=\u0022un-resultat col-12 col-sm-6 col-md-4 col-xl-3\u0022\u003E\u003Cdiv class=\u0022entity-content node-page-edito-or-sas teaser node node-page-edito teaser_large click-block\u0022 data-url=\u0022https:\/\/www.ile-oleron-marennes.com\/webcams\/la-plage-des-huttes-en-direct\u0022\u003E\n    \u003Cdiv class=\u0022content\u0022\u003E\n        \u003Cdiv class=\u0022content-image\u0022\u003E\n            \n                            \n      \u003Cdiv class=\u0022random-images\u0022\u003E\n              \u003Cdiv\u003E\u003Cdiv class=\u0022image media full\u0022\u003E\n    \n  \u003Cdiv\u003E\n    \u003Cdiv class=\u0022visually-hidden\u0022\u003EImage\u003C\/div\u003E\n              \u003Cdiv\u003E    \u003Cpicture\u003E\n                  \u003Csource srcset=\u0022\/sites\/default\/files\/styles\/teaser_large_xl\/public\/2024-09\/les%20huttes%203.jpg.webp?h=0a0d7923\u0026amp;itok=cdgrQUgf 1x\u0022 media=\u0022(min-width: 1600px)\u0022 type=\u0022image\/webp\u0022 width=\u0022410\u0022 height=\u0022275\u0022\/\u003E\n              \u003Csource srcset=\u0022\/sites\/default\/files\/styles\/teaser_large_xs\/public\/2024-09\/les%20huttes%203.jpg.webp?h=0a0d7923\u0026amp;itok=nZNxWktM 1x\u0022 media=\u0022(min-width: 0)\u0022 type=\u0022image\/webp\u0022 width=\u0022330\u0022 height=\u0022218\u0022\/\u003E\n                  \u003Cimg loading=\u0022eager\u0022 width=\u0022330\u0022 height=\u0022218\u0022 src=\u0022\/sites\/default\/files\/styles\/teaser_large_xs\/public\/2024-09\/les%20huttes%203.jpg.webp?h=0a0d7923\u0026amp;itok=nZNxWktM\u0022 alt=\u0022H\u00fcttenstr\u00e4nde, Isla Ol\u00e9ron, Webcam\u0022 \/\u003E\n\n  \u003C\/picture\u003E\n\n\u003C\/div\u003E\n          \u003C\/div\u003E\n    \u003C\/div\u003E\u003C\/div\u003E\n          \u003C\/div\u003E\n  \n                    \u003C\/div\u003E\n        \u003Cdiv class=\u0022content-text\u0022\u003E\n            \n            \u003Ca class=\u0022title link-block\u0022 href=\u0022https:\/\/www.ile-oleron-marennes.com\/webcams\/la-plage-des-huttes-en-direct\u0022 title=\u0022La plage des Huttes - En direct\u0022\u003ELa plage des Huttes - En direct\u003C\/a\u003E\n            \n        \u003C\/div\u003E\n    \u003C\/div\u003E\n\u003C\/div\u003E\n\u003C\/div\u003E\u003Cdiv class=\u0022un-resultat col-12 col-sm-6 col-md-4 col-xl-3\u0022\u003E\u003Cdiv class=\u0022objet-touristique teaser_large entity-content teaser click-block\u0022 data-id=\u00225719858\u0022 data-title=\u0022Parking plage des Huttes\u0022 data-id-intuitiv=\u0022sit-5719858\u0022 data-url=\u0022https:\/\/www.ile-oleron-marennes.com\/commerces-et-services-sites-communaux\/parking-plage-des-huttes\u0022\u003E\n    \u003Cdiv class=\u0022content\u0022\u003E\n        \u003Cdiv class=\u0022content-image\u0022\u003E\n            \u003Cdiv class=\u0022image\u0022\u003E    \u003Cpicture\u003E\n                  \u003Csource srcset=\u0022\/sites\/default\/files\/styles\/teaser_large_xl\/public\/sit\/images\/5719858\/31673744.jpg.webp?h=59850881\u0026amp;itok=H0yonP_4 1x\u0022 media=\u0022(min-width: 1600px)\u0022 type=\u0022image\/webp\u0022 width=\u0022410\u0022 height=\u0022275\u0022\/\u003E\n              \u003Csource srcset=\u0022\/sites\/default\/files\/styles\/teaser_large_xs\/public\/sit\/images\/5719858\/31673744.jpg.webp?h=59850881\u0026amp;itok=S47feae8 1x\u0022 media=\u0022(min-width: 0)\u0022 type=\u0022image\/webp\u0022 width=\u0022330\u0022 height=\u0022218\u0022\/\u003E\n                  \u003Cimg loading=\u0022eager\u0022 width=\u0022330\u0022 height=\u0022218\u0022 src=\u0022\/sites\/default\/files\/styles\/teaser_large_xs\/public\/sit\/images\/5719858\/31673744.jpg.webp?h=59850881\u0026amp;itok=S47feae8\u0022 alt=\u0022Parking plage des Huttes_Saint-Denis-d\u0026#039;Ol\u00e9ron\u0022 title=\u0022Parking plage des Huttes\u0022 \/\u003E\n\n  \u003C\/picture\u003E\n\n\u003C\/div\u003E\n                                            \n                                                        \n        \u003C\/div\u003E\n        \u003Cdiv class=\u0022content-text\u0022\u003E\n            \n            \n                                        \u003Ca class=\u0022title link-block\u0022 href=\u0022https:\/\/www.ile-oleron-marennes.com\/commerces-et-services-sites-communaux\/parking-plage-des-huttes\u0022 title=\u0022Parking plage des Huttes\u0022\u003EParking plage des Huttes\u003C\/a\u003E\n                        \n            \u003Cdiv\u003E\n                                \u003Cdiv class=\u0022info-complementaire\u0022\u003ESaint-Denis-d\u0026#039;Ol\u00e9ron\u003C\/div\u003E                                            \u003C\/div\u003E\n        \u003C\/div\u003E\n            \u003C\/div\u003E\n\u003C\/div\u003E\n\u003C\/div\u003E\u003Cdiv class=\u0022un-resultat col-12 col-sm-6 col-md-4 col-xl-3\u0022\u003E\u003Cdiv class=\u0022objet-touristique teaser_large entity-content teaser click-block\u0022 data-id=\u00226816935\u0022 data-title=\u0022Parking Plage de Marennes\u0022 data-id-intuitiv=\u0022sit-6816935\u0022 data-url=\u0022https:\/\/www.ile-oleron-marennes.com\/commerces-et-services-sites-communaux\/parking-plage-de-marennes\u0022\u003E\n    \u003Cdiv class=\u0022content\u0022\u003E\n        \u003Cdiv class=\u0022content-image\u0022\u003E\n            \u003Cdiv class=\u0022image\u0022\u003E    \u003Cpicture\u003E\n                  \u003Csource srcset=\u0022\/sites\/default\/files\/styles\/teaser_large_xl\/public\/sit\/images\/6816935\/29324978.jpg.webp?h=ffed8f21\u0026amp;itok=z7v6HsOK 1x\u0022 media=\u0022(min-width: 1600px)\u0022 type=\u0022image\/webp\u0022 width=\u0022410\u0022 height=\u0022275\u0022\/\u003E\n              \u003Csource srcset=\u0022\/sites\/default\/files\/styles\/teaser_large_xs\/public\/sit\/images\/6816935\/29324978.jpg.webp?h=ffed8f21\u0026amp;itok=2JpVjS3s 1x\u0022 media=\u0022(min-width: 0)\u0022 type=\u0022image\/webp\u0022 width=\u0022330\u0022 height=\u0022218\u0022\/\u003E\n                  \u003Cimg loading=\u0022eager\u0022 width=\u0022330\u0022 height=\u0022218\u0022 src=\u0022\/sites\/default\/files\/styles\/teaser_large_xs\/public\/sit\/images\/6816935\/29324978.jpg.webp?h=ffed8f21\u0026amp;itok=2JpVjS3s\u0022 alt=\u0022Parking Plage de Marennes_Marennes-Hiers-Brouage\u0022 title=\u0022Parking Plage de Marennes\u0022 \/\u003E\n\n  \u003C\/picture\u003E\n\n\u003C\/div\u003E\n                                            \n                                                        \n        \u003C\/div\u003E\n        \u003Cdiv class=\u0022content-text\u0022\u003E\n            \n            \n                                        \u003Ca class=\u0022title link-block\u0022 href=\u0022https:\/\/www.ile-oleron-marennes.com\/commerces-et-services-sites-communaux\/parking-plage-de-marennes\u0022 title=\u0022Parking Plage de Marennes\u0022\u003EParking Plage de Marennes\u003C\/a\u003E\n                        \n            \u003Cdiv\u003E\n                                \u003Cdiv class=\u0022info-complementaire\u0022\u003EMarennes-Hiers-Brouage\u003C\/div\u003E                                            \u003C\/div\u003E\n        \u003C\/div\u003E\n            \u003C\/div\u003E\n\u003C\/div\u003E\n\u003C\/div\u003E\u003Cdiv class=\u0022un-resultat col-12 col-sm-6 col-md-4 col-xl-3\u0022\u003E\u003Cdiv class=\u0022objet-touristique teaser_large entity-content teaser click-block\u0022 data-id=\u00225699713\u0022 data-title=\u0022La Petite Plage\u0022 data-id-intuitiv=\u0022sit-5699713\u0022 data-url=\u0022https:\/\/www.ile-oleron-marennes.com\/preparer-mes-vacances\/ou-dormir\/hotels\/la-petite-plage\u0022\u003E\n    \u003Cdiv class=\u0022content\u0022\u003E\n        \u003Cdiv class=\u0022content-image\u0022\u003E\n            \u003Cdiv class=\u0022image\u0022\u003E    \u003Cpicture\u003E\n                  \u003Csource srcset=\u0022\/sites\/default\/files\/styles\/teaser_large_xl\/public\/sit\/images\/5699713\/16976438.jpg.webp?h=ddb1ad0c\u0026amp;itok=9-25H_OW 1x\u0022 media=\u0022(min-width: 1600px)\u0022 type=\u0022image\/webp\u0022 width=\u0022410\u0022 height=\u0022275\u0022\/\u003E\n              \u003Csource srcset=\u0022\/sites\/default\/files\/styles\/teaser_large_xs\/public\/sit\/images\/5699713\/16976438.jpg.webp?h=ddb1ad0c\u0026amp;itok=2pfQuCfe 1x\u0022 media=\u0022(min-width: 0)\u0022 type=\u0022image\/webp\u0022 width=\u0022330\u0022 height=\u0022218\u0022\/\u003E\n                  \u003Cimg loading=\u0022eager\u0022 width=\u0022330\u0022 height=\u0022218\u0022 src=\u0022\/sites\/default\/files\/styles\/teaser_large_xs\/public\/sit\/images\/5699713\/16976438.jpg.webp?h=ddb1ad0c\u0026amp;itok=2pfQuCfe\u0022 alt=\u0022La Petite Plage\u0022 title=\u0022La Petite Plage\u0022 \/\u003E\n\n  \u003C\/picture\u003E\n\n\u003C\/div\u003E\n                                                \u003Cdiv class=\u0022content-labels\u0022\u003E\n                        \u003Cdiv class=\u0022label blanc\u0022\u003ER\u00e9server en ligne\u003C\/div\u003E\n                    \u003C\/div\u003E\n                                \u003Cspan class=\u0022classement classement-2-etoiles\u0022\u003E\u003C\/span\u003E\n                                \u003Cdiv class=\u0022prix-depart\u0022\u003Ed\u00e8s \u003Cspan\u003E65\u20ac\u003C\/span\u003E\u003C\/div\u003E                        \n        \u003C\/div\u003E\n        \u003Cdiv class=\u0022content-text\u0022\u003E\n            \n            \n                                        \u003Ca class=\u0022title link-block\u0022 href=\u0022https:\/\/www.ile-oleron-marennes.com\/preparer-mes-vacances\/ou-dormir\/hotels\/la-petite-plage\u0022 title=\u0022La Petite Plage\u0022\u003ELa Petite Plage\u003C\/a\u003E\n                        \n            \u003Cdiv\u003E\n                                \u003Cdiv class=\u0022info-complementaire\u0022\u003ESaint-Georges-d\u0026#039;Ol\u00e9ron\u003C\/div\u003E                                            \u003C\/div\u003E\n        \u003C\/div\u003E\n            \u003C\/div\u003E\n\u003C\/div\u003E\n\u003C\/div\u003E\u003Cdiv class=\u0022un-resultat col-12 col-sm-6 col-md-4 col-xl-3\u0022\u003E\u003Cdiv class=\u0022objet-touristique teaser_large entity-content teaser click-block\u0022 data-id=\u00227419735\u0022 data-title=\u0022Parking plage de la Gautrelle\u0022 data-id-intuitiv=\u0022sit-7419735\u0022 data-url=\u0022https:\/\/www.ile-oleron-marennes.com\/commerces-et-services-sites-communaux\/parking-plage-de-la-gautrelle\u0022\u003E\n    \u003Cdiv class=\u0022content\u0022\u003E\n        \u003Cdiv class=\u0022content-image\u0022\u003E\n            \u003Cdiv class=\u0022image\u0022\u003E    \u003Cpicture\u003E\n                  \u003Csource srcset=\u0022\/sites\/default\/files\/styles\/teaser_large_xl\/public\/sit\/images\/7419735\/32176112.jpg.webp?h=26b3e746\u0026amp;itok=L3AAE6gV 1x\u0022 media=\u0022(min-width: 1600px)\u0022 type=\u0022image\/webp\u0022 width=\u0022410\u0022 height=\u0022275\u0022\/\u003E\n              \u003Csource srcset=\u0022\/sites\/default\/files\/styles\/teaser_large_xs\/public\/sit\/images\/7419735\/32176112.jpg.webp?h=26b3e746\u0026amp;itok=r7pLVska 1x\u0022 media=\u0022(min-width: 0)\u0022 type=\u0022image\/webp\u0022 width=\u0022330\u0022 height=\u0022218\u0022\/\u003E\n                  \u003Cimg loading=\u0022eager\u0022 width=\u0022330\u0022 height=\u0022218\u0022 src=\u0022\/sites\/default\/files\/styles\/teaser_large_xs\/public\/sit\/images\/7419735\/32176112.jpg.webp?h=26b3e746\u0026amp;itok=r7pLVska\u0022 alt=\u0022Parking plage de la Gautrelle_Saint-Georges-d\u0026#039;Ol\u00e9ron\u0022 title=\u0022Parking plage de la Gautrelle\u0022 \/\u003E\n\n  \u003C\/picture\u003E\n\n\u003C\/div\u003E\n                                            \n                                                        \n        \u003C\/div\u003E\n        \u003Cdiv class=\u0022content-text\u0022\u003E\n            \n            \n                                        \u003Ca class=\u0022title link-block\u0022 href=\u0022https:\/\/www.ile-oleron-marennes.com\/commerces-et-services-sites-communaux\/parking-plage-de-la-gautrelle\u0022 title=\u0022Parking plage de la Gautrelle\u0022\u003EParking plage de la Gautrelle\u003C\/a\u003E\n                        \n            \u003Cdiv\u003E\n                                \u003Cdiv class=\u0022info-complementaire\u0022\u003ESaint-Georges-d\u0026#039;Ol\u00e9ron\u003C\/div\u003E                                            \u003C\/div\u003E\n        \u003C\/div\u003E\n            \u003C\/div\u003E\n\u003C\/div\u003E\n\u003C\/div\u003E\u003Cdiv class=\u0022un-resultat col-12 col-sm-6 col-md-4 col-xl-3\u0022\u003E\u003Cdiv class=\u0022entity-content node-page-edito-or-sas teaser node node-page-edito teaser_large click-block\u0022 data-url=\u0022https:\/\/www.ile-oleron-marennes.com\/webcams\/la-petite-plage-de-saint-trojan-les-bains-en-direct\u0022\u003E\n    \u003Cdiv class=\u0022content\u0022\u003E\n        \u003Cdiv class=\u0022content-image\u0022\u003E\n            \n                            \n      \u003Cdiv class=\u0022random-images\u0022\u003E\n              \u003Cdiv\u003E\u003Cdiv class=\u0022image media full\u0022\u003E\n    \n  \u003Cdiv\u003E\n    \u003Cdiv class=\u0022visually-hidden\u0022\u003EImage\u003C\/div\u003E\n              \u003Cdiv\u003E    \u003Cpicture\u003E\n                  \u003Csource srcset=\u0022\/sites\/default\/files\/styles\/teaser_large_xl\/public\/2024-09\/La-Petite-Plage-de-Saint-Trojan-les-Bains.JPEG.webp?h=a57d4ebb\u0026amp;itok=NGm6F0Gx 1x\u0022 media=\u0022(min-width: 1600px)\u0022 type=\u0022image\/webp\u0022 width=\u0022410\u0022 height=\u0022275\u0022\/\u003E\n              \u003Csource srcset=\u0022\/sites\/default\/files\/styles\/teaser_large_xs\/public\/2024-09\/La-Petite-Plage-de-Saint-Trojan-les-Bains.JPEG.webp?h=a57d4ebb\u0026amp;itok=jUGeXfyy 1x\u0022 media=\u0022(min-width: 0)\u0022 type=\u0022image\/webp\u0022 width=\u0022330\u0022 height=\u0022218\u0022\/\u003E\n                  \u003Cimg loading=\u0022eager\u0022 width=\u0022330\u0022 height=\u0022218\u0022 src=\u0022\/sites\/default\/files\/styles\/teaser_large_xs\/public\/2024-09\/La-Petite-Plage-de-Saint-Trojan-les-Bains.JPEG.webp?h=a57d4ebb\u0026amp;itok=jUGeXfyy\u0022 alt=\u0022La Petite Plage de Saint-Trojan-les-Bains, Webcam\u0022 \/\u003E\n\n  \u003C\/picture\u003E\n\n\u003C\/div\u003E\n          \u003C\/div\u003E\n    \u003C\/div\u003E\u003C\/div\u003E\n          \u003C\/div\u003E\n  \n                    \u003C\/div\u003E\n        \u003Cdiv class=\u0022content-text\u0022\u003E\n            \n            \u003Ca class=\u0022title link-block\u0022 href=\u0022https:\/\/www.ile-oleron-marennes.com\/webcams\/la-petite-plage-de-saint-trojan-les-bains-en-direct\u0022 title=\u0022La Petite Plage de Saint-Trojan-les-Bains - En direct\u0022\u003ELa Petite Plage de Saint-Trojan-les-Bains - En direct\u003C\/a\u003E\n            \n        \u003C\/div\u003E\n    \u003C\/div\u003E\n\u003C\/div\u003E\n\u003C\/div\u003E\u003Cdiv class=\u0022un-resultat col-12 col-sm-6 col-md-4 col-xl-3\u0022\u003E\u003Cdiv class=\u0022objet-touristique teaser_large entity-content teaser click-block\u0022 data-id=\u00227419232\u0022 data-title=\u0022Parking plage de Foulerot\u0022 data-id-intuitiv=\u0022sit-7419232\u0022 data-url=\u0022https:\/\/www.ile-oleron-marennes.com\/commerces-et-services-sites-communaux\/parking-plage-de-foulerot\u0022\u003E\n    \u003Cdiv class=\u0022content\u0022\u003E\n        \u003Cdiv class=\u0022content-image\u0022\u003E\n            \u003Cdiv class=\u0022image\u0022\u003E    \u003Cpicture\u003E\n                  \u003Csource srcset=\u0022\/sites\/default\/files\/styles\/teaser_large_xl\/public\/sit\/images\/7419232\/40683154.jpg.webp?h=ddb1ad0c\u0026amp;itok=T9ycP5-9 1x\u0022 media=\u0022(min-width: 1600px)\u0022 type=\u0022image\/webp\u0022 width=\u0022410\u0022 height=\u0022275\u0022\/\u003E\n              \u003Csource srcset=\u0022\/sites\/default\/files\/styles\/teaser_large_xs\/public\/sit\/images\/7419232\/40683154.jpg.webp?h=ddb1ad0c\u0026amp;itok=ee4d7qil 1x\u0022 media=\u0022(min-width: 0)\u0022 type=\u0022image\/webp\u0022 width=\u0022330\u0022 height=\u0022218\u0022\/\u003E\n                  \u003Cimg loading=\u0022eager\u0022 width=\u0022330\u0022 height=\u0022218\u0022 src=\u0022\/sites\/default\/files\/styles\/teaser_large_xs\/public\/sit\/images\/7419232\/40683154.jpg.webp?h=ddb1ad0c\u0026amp;itok=ee4d7qil\u0022 alt=\u0022Parking plage de Foulerot_Saint-Georges-d\u0026#039;Ol\u00e9ron\u0022 title=\u0022rotonde de demi tour voitures + parking v\u00e9lo\u0022 \/\u003E\n\n  \u003C\/picture\u003E\n\n\u003C\/div\u003E\n                                            \n                                                        \n        \u003C\/div\u003E\n        \u003Cdiv class=\u0022content-text\u0022\u003E\n            \n            \n                                        \u003Ca class=\u0022title link-block\u0022 href=\u0022https:\/\/www.ile-oleron-marennes.com\/commerces-et-services-sites-communaux\/parking-plage-de-foulerot\u0022 title=\u0022Parking plage de Foulerot\u0022\u003EParking plage de Foulerot\u003C\/a\u003E\n                        \n            \u003Cdiv\u003E\n                                \u003Cdiv class=\u0022info-complementaire\u0022\u003ESaint-Georges-d\u0026#039;Ol\u00e9ron\u003C\/div\u003E                                            \u003C\/div\u003E\n        \u003C\/div\u003E\n            \u003C\/div\u003E\n\u003C\/div\u003E\n\u003C\/div\u003E\u003Cdiv class=\u0022un-resultat col-12 col-sm-6 col-md-4 col-xl-3\u0022\u003E\u003Cdiv class=\u0022objet-touristique teaser_large entity-content teaser click-block\u0022 data-id=\u00225735273\u0022 data-title=\u0022La Grande plage\u0022 data-id-intuitiv=\u0022sit-5735273\u0022 data-url=\u0022https:\/\/www.ile-oleron-marennes.com\/preparer-mes-vacances\/quoi-faire\/activites-nautiques\/plages\/la-grande-plage\u0022\u003E\n    \u003Cdiv class=\u0022content\u0022\u003E\n        \u003Cdiv class=\u0022content-image\u0022\u003E\n            \u003Cdiv class=\u0022image\u0022\u003E    \u003Cpicture\u003E\n                  \u003Csource srcset=\u0022\/sites\/default\/files\/styles\/teaser_large_xl\/public\/sit\/images\/5735273\/9388431.jpg.webp?h=199d8c1f\u0026amp;itok=Z-FdSyzq 1x\u0022 media=\u0022(min-width: 1600px)\u0022 type=\u0022image\/webp\u0022 width=\u0022410\u0022 height=\u0022275\u0022\/\u003E\n              \u003Csource srcset=\u0022\/sites\/default\/files\/styles\/teaser_large_xs\/public\/sit\/images\/5735273\/9388431.jpg.webp?h=199d8c1f\u0026amp;itok=8Z5JYQHg 1x\u0022 media=\u0022(min-width: 0)\u0022 type=\u0022image\/webp\u0022 width=\u0022330\u0022 height=\u0022218\u0022\/\u003E\n                  \u003Cimg loading=\u0022eager\u0022 width=\u0022330\u0022 height=\u0022218\u0022 src=\u0022\/sites\/default\/files\/styles\/teaser_large_xs\/public\/sit\/images\/5735273\/9388431.jpg.webp?h=199d8c1f\u0026amp;itok=8Z5JYQHg\u0022 alt=\u0022grande plage\u0022 title=\u0022La Grande plage\u0022 \/\u003E\n\n  \u003C\/picture\u003E\n\n\u003C\/div\u003E\n                                            \n                                                        \n        \u003C\/div\u003E\n        \u003Cdiv class=\u0022content-text\u0022\u003E\n            \n            \n                                        \u003Ca class=\u0022title link-block\u0022 href=\u0022https:\/\/www.ile-oleron-marennes.com\/preparer-mes-vacances\/quoi-faire\/activites-nautiques\/plages\/la-grande-plage\u0022 title=\u0022La Grande plage\u0022\u003ELa Grande plage\u003C\/a\u003E\n                        \n            \u003Cdiv\u003E\n                                \u003Cdiv class=\u0022info-complementaire\u0022\u003ESaint-Trojan-les-Bains\u003C\/div\u003E                                            \u003C\/div\u003E\n        \u003C\/div\u003E\n            \u003C\/div\u003E\n\u003C\/div\u003E\n\u003C\/div\u003E\u003Cdiv class=\u0022un-resultat col-12 col-sm-6 col-md-4 col-xl-3\u0022\u003E\u003Cdiv class=\u0022objet-touristique teaser_large entity-content teaser click-block\u0022 data-id=\u00225727869\u0022 data-title=\u0022Aire de pique nique plage des Bonnes\u0022 data-id-intuitiv=\u0022sit-5727869\u0022 data-url=\u0022https:\/\/www.ile-oleron-marennes.com\/preparer-mes-vacances\/ou-manger-ou-boire-un-verre\/aires-de-pique-nique\/aire-de-pique-nique-plage-des-bonnes\u0022\u003E\n    \u003Cdiv class=\u0022content\u0022\u003E\n        \u003Cdiv class=\u0022content-image\u0022\u003E\n            \u003Cdiv class=\u0022image\u0022\u003E    \u003Cpicture\u003E\n                  \u003Csource srcset=\u0022\/sites\/default\/files\/styles\/teaser_large_xl\/public\/sit\/images\/5727869\/9330896.jpg.webp?h=ddb1ad0c\u0026amp;itok=ODxxjo7N 1x\u0022 media=\u0022(min-width: 1600px)\u0022 type=\u0022image\/webp\u0022 width=\u0022410\u0022 height=\u0022275\u0022\/\u003E\n              \u003Csource srcset=\u0022\/sites\/default\/files\/styles\/teaser_large_xs\/public\/sit\/images\/5727869\/9330896.jpg.webp?h=ddb1ad0c\u0026amp;itok=KDNMovfq 1x\u0022 media=\u0022(min-width: 0)\u0022 type=\u0022image\/webp\u0022 width=\u0022330\u0022 height=\u0022218\u0022\/\u003E\n                  \u003Cimg loading=\u0022eager\u0022 width=\u0022330\u0022 height=\u0022218\u0022 src=\u0022\/sites\/default\/files\/styles\/teaser_large_xs\/public\/sit\/images\/5727869\/9330896.jpg.webp?h=ddb1ad0c\u0026amp;itok=KDNMovfq\u0022 alt=\u0022Office de Tourisme\u0022 title=\u0022Aire de pique nique plage des Bonnes\u0022 \/\u003E\n\n  \u003C\/picture\u003E\n\n\u003C\/div\u003E\n                                            \n                                                        \n        \u003C\/div\u003E\n        \u003Cdiv class=\u0022content-text\u0022\u003E\n            \n            \n                                        \u003Ca class=\u0022title link-block\u0022 href=\u0022https:\/\/www.ile-oleron-marennes.com\/preparer-mes-vacances\/ou-manger-ou-boire-un-verre\/aires-de-pique-nique\/aire-de-pique-nique-plage-des-bonnes\u0022 title=\u0022Aire de pique nique plage des Bonnes\u0022\u003EAire de pique nique plage des Bonnes\u003C\/a\u003E\n                        \n            \u003Cdiv\u003E\n                                \u003Cdiv class=\u0022info-complementaire\u0022\u003ESaint-Georges-d\u0026#039;Ol\u00e9ron\u003C\/div\u003E                                            \u003C\/div\u003E\n        \u003C\/div\u003E\n            \u003C\/div\u003E\n\u003C\/div\u003E\n\u003C\/div\u003E\u003Cdiv class=\u0022un-resultat col-12 col-sm-6 col-md-4 col-xl-3\u0022\u003E\u003Cdiv class=\u0022objet-touristique teaser_large entity-content teaser click-block\u0022 data-id=\u00227401159\u0022 data-title=\u0022Parking de la plage de Boyardville\u0022 data-id-intuitiv=\u0022sit-7401159\u0022 data-url=\u0022https:\/\/www.ile-oleron-marennes.com\/commerces-et-services-sites-communaux\/parking-de-la-plage-de-boyardville\u0022\u003E\n    \u003Cdiv class=\u0022content\u0022\u003E\n        \u003Cdiv class=\u0022content-image\u0022\u003E\n            \u003Cdiv class=\u0022image\u0022\u003E    \u003Cpicture\u003E\n                  \u003Csource srcset=\u0022\/sites\/default\/files\/styles\/teaser_large_xl\/public\/sit\/images\/7401159\/31985679.jpg.webp?h=ddb1ad0c\u0026amp;itok=FARV3BNr 1x\u0022 media=\u0022(min-width: 1600px)\u0022 type=\u0022image\/webp\u0022 width=\u0022410\u0022 height=\u0022275\u0022\/\u003E\n              \u003Csource srcset=\u0022\/sites\/default\/files\/styles\/teaser_large_xs\/public\/sit\/images\/7401159\/31985679.jpg.webp?h=ddb1ad0c\u0026amp;itok=Sk6TOixv 1x\u0022 media=\u0022(min-width: 0)\u0022 type=\u0022image\/webp\u0022 width=\u0022330\u0022 height=\u0022218\u0022\/\u003E\n                  \u003Cimg loading=\u0022eager\u0022 width=\u0022330\u0022 height=\u0022218\u0022 src=\u0022\/sites\/default\/files\/styles\/teaser_large_xs\/public\/sit\/images\/7401159\/31985679.jpg.webp?h=ddb1ad0c\u0026amp;itok=Sk6TOixv\u0022 alt=\u0022Parking de la plage de Boyardville_Saint-Georges-d\u0026#039;Ol\u00e9ron\u0022 title=\u0022Parking de la plage de Boyardville\u0022 \/\u003E\n\n  \u003C\/picture\u003E\n\n\u003C\/div\u003E\n                                            \n                                                        \n        \u003C\/div\u003E\n        \u003Cdiv class=\u0022content-text\u0022\u003E\n            \n            \n                                        \u003Ca class=\u0022title link-block\u0022 href=\u0022https:\/\/www.ile-oleron-marennes.com\/commerces-et-services-sites-communaux\/parking-de-la-plage-de-boyardville\u0022 title=\u0022Parking de la plage de Boyardville\u0022\u003EParking de la plage de Boyardville\u003C\/a\u003E\n                        \n            \u003Cdiv\u003E\n                                \u003Cdiv class=\u0022info-complementaire\u0022\u003ESaint-Georges-d\u0026#039;Ol\u00e9ron\u003C\/div\u003E                                            \u003C\/div\u003E\n        \u003C\/div\u003E\n            \u003C\/div\u003E\n\u003C\/div\u003E\n\u003C\/div\u003E\u003Cdiv class=\u0022un-resultat col-12 col-sm-6 col-md-4 col-xl-3\u0022\u003E\u003Cdiv class=\u0022objet-touristique teaser_large entity-content teaser click-block\u0022 data-id=\u00225719904\u0022 data-title=\u0022Aire de pique nique  Marennes Plage\u0022 data-id-intuitiv=\u0022sit-5719904\u0022 data-url=\u0022https:\/\/www.ile-oleron-marennes.com\/preparer-mes-vacances\/ou-manger-ou-boire-un-verre\/aires-de-pique-nique\/aire-de-pique-nique-marennes-plage\u0022\u003E\n    \u003Cdiv class=\u0022content\u0022\u003E\n        \u003Cdiv class=\u0022content-image\u0022\u003E\n            \u003Cdiv class=\u0022image\u0022\u003E    \u003Cpicture\u003E\n                  \u003Csource srcset=\u0022\/sites\/default\/files\/styles\/teaser_large_xl\/public\/sit\/images\/5719904\/9276857.jpg.webp?h=b3660f0d\u0026amp;itok=KXbqPolW 1x\u0022 media=\u0022(min-width: 1600px)\u0022 type=\u0022image\/webp\u0022 width=\u0022410\u0022 height=\u0022275\u0022\/\u003E\n              \u003Csource srcset=\u0022\/sites\/default\/files\/styles\/teaser_large_xs\/public\/sit\/images\/5719904\/9276857.jpg.webp?h=b3660f0d\u0026amp;itok=rVZMwxZ8 1x\u0022 media=\u0022(min-width: 0)\u0022 type=\u0022image\/webp\u0022 width=\u0022330\u0022 height=\u0022218\u0022\/\u003E\n                  \u003Cimg loading=\u0022eager\u0022 width=\u0022330\u0022 height=\u0022218\u0022 src=\u0022\/sites\/default\/files\/styles\/teaser_large_xs\/public\/sit\/images\/5719904\/9276857.jpg.webp?h=b3660f0d\u0026amp;itok=rVZMwxZ8\u0022 alt=\u0022Aire de pique nique\u0022 title=\u0022Aire de pique nique  Marennes Plage\u0022 \/\u003E\n\n  \u003C\/picture\u003E\n\n\u003C\/div\u003E\n                                            \n                                                        \n        \u003C\/div\u003E\n        \u003Cdiv class=\u0022content-text\u0022\u003E\n            \n            \n                                        \u003Ca class=\u0022title link-block\u0022 href=\u0022https:\/\/www.ile-oleron-marennes.com\/preparer-mes-vacances\/ou-manger-ou-boire-un-verre\/aires-de-pique-nique\/aire-de-pique-nique-marennes-plage\u0022 title=\u0022Aire de pique nique  Marennes Plage\u0022\u003EAire de pique nique  Marennes Plage\u003C\/a\u003E\n                        \n            \u003Cdiv\u003E\n                                \u003Cdiv class=\u0022info-complementaire\u0022\u003EMarennes-Hiers-Brouage\u003C\/div\u003E                                            \u003C\/div\u003E\n        \u003C\/div\u003E\n            \u003C\/div\u003E\n\u003C\/div\u003E\n\u003C\/div\u003E\u003Cdiv class=\u0022un-resultat col-12 col-sm-6 col-md-4 col-xl-3\u0022\u003E\u003Cdiv class=\u0022objet-touristique teaser_large entity-content teaser click-block\u0022 data-id=\u00227736016\u0022 data-title=\u0022Ramassage des d\u00e9chets sur plage\u0022 data-id-intuitiv=\u0022sit-7736016\u0022 data-url=\u0022https:\/\/www.ile-oleron-marennes.com\/agenda-des-manifestations\/ramassage-des-dechets-sur-plage-4\u0022\u003E\n    \u003Cdiv class=\u0022content\u0022\u003E\n        \u003Cdiv class=\u0022content-image\u0022\u003E\n            \u003Cdiv class=\u0022image\u0022\u003E    \u003Cpicture\u003E\n                  \u003Csource srcset=\u0022\/sites\/default\/files\/styles\/teaser_large_xl\/public\/sit\/images\/7736016\/39252102.jpg.webp?h=dbcb1f89\u0026amp;itok=Rm5k-zI0 1x\u0022 media=\u0022(min-width: 1600px)\u0022 type=\u0022image\/webp\u0022 width=\u0022410\u0022 height=\u0022275\u0022\/\u003E\n              \u003Csource srcset=\u0022\/sites\/default\/files\/styles\/teaser_large_xs\/public\/sit\/images\/7736016\/39252102.jpg.webp?h=dbcb1f89\u0026amp;itok=xmyjr4RT 1x\u0022 media=\u0022(min-width: 0)\u0022 type=\u0022image\/webp\u0022 width=\u0022330\u0022 height=\u0022218\u0022\/\u003E\n                  \u003Cimg loading=\u0022eager\u0022 width=\u0022330\u0022 height=\u0022218\u0022 src=\u0022\/sites\/default\/files\/styles\/teaser_large_xs\/public\/sit\/images\/7736016\/39252102.jpg.webp?h=dbcb1f89\u0026amp;itok=xmyjr4RT\u0022 alt=\u0022Ramassage des d\u00e9chets sur plage_Saint-Georges-d\u0026#039;Ol\u00e9ron\u0022 title=\u0022Ramassage des d\u00e9chets sur plage\u0022 \/\u003E\n\n  \u003C\/picture\u003E\n\n\u003C\/div\u003E\n                                            \n                                                        \n        \u003C\/div\u003E\n        \u003Cdiv class=\u0022content-text\u0022\u003E\n            \n            \n                                        \u003Ca class=\u0022title link-block\u0022 href=\u0022https:\/\/www.ile-oleron-marennes.com\/agenda-des-manifestations\/ramassage-des-dechets-sur-plage-4\u0022 title=\u0022Ramassage des d\u00e9chets sur plage\u0022\u003ERamassage des d\u00e9chets sur plage\u003C\/a\u003E\n                        \n            \u003Cdiv\u003E\n                                \u003Cdiv class=\u0022info-complementaire\u0022\u003ESaint-Pierre-d\u0026#039;Ol\u00e9ron\u003C\/div\u003E                                            \u003C\/div\u003E\n        \u003C\/div\u003E\n            \u003C\/div\u003E\n\u003C\/div\u003E\n\u003C\/div\u003E\u003Cdiv class=\u0022un-resultat col-12 col-sm-6 col-md-4 col-xl-3\u0022\u003E\u003Cdiv class=\u0022entity-content node-page-edito-or-sas teaser node node-page-edito teaser_large click-block\u0022 data-url=\u0022https:\/\/www.ile-oleron-marennes.com\/handitourisme\/plages-labellisees-et-adaptees\u0022\u003E\n    \u003Cdiv class=\u0022content\u0022\u003E\n        \u003Cdiv class=\u0022content-image\u0022\u003E\n            \n                            \n      \u003Cdiv class=\u0022random-images\u0022\u003E\n              \u003Cdiv\u003E\u003Cdiv class=\u0022image media full\u0022\u003E\n    \n  \u003Cdiv\u003E\n    \u003Cdiv class=\u0022visually-hidden\u0022\u003EImage\u003C\/div\u003E\n              \u003Cdiv\u003E    \u003Cpicture\u003E\n                  \u003Csource srcset=\u0022\/sites\/default\/files\/styles\/teaser_large_xl\/public\/2024-03\/%40Arthur%20Habudzik%20-%20MARENNES%202023-84.jpg.webp?h=a86eab04\u0026amp;itok=Z7fsKrJU 1x\u0022 media=\u0022(min-width: 1600px)\u0022 type=\u0022image\/webp\u0022 width=\u0022410\u0022 height=\u0022275\u0022\/\u003E\n              \u003Csource srcset=\u0022\/sites\/default\/files\/styles\/teaser_large_xs\/public\/2024-03\/%40Arthur%20Habudzik%20-%20MARENNES%202023-84.jpg.webp?h=a86eab04\u0026amp;itok=Wg9VfhBl 1x\u0022 media=\u0022(min-width: 0)\u0022 type=\u0022image\/webp\u0022 width=\u0022330\u0022 height=\u0022218\u0022\/\u003E\n                  \u003Cimg loading=\u0022eager\u0022 width=\u0022330\u0022 height=\u0022218\u0022 src=\u0022\/sites\/default\/files\/styles\/teaser_large_xs\/public\/2024-03\/%40Arthur%20Habudzik%20-%20MARENNES%202023-84.jpg.webp?h=a86eab04\u0026amp;itok=Wg9VfhBl\u0022 alt=\u0022Wetter, Ile d\u0026#039;Ol\u00e9ron en Marennes Becken\u0022 \/\u003E\n\n  \u003C\/picture\u003E\n\n\u003C\/div\u003E\n          \u003C\/div\u003E\n    \u003C\/div\u003E\u003C\/div\u003E\n          \u003C\/div\u003E\n  \n                    \u003C\/div\u003E\n        \u003Cdiv class=\u0022content-text\u0022\u003E\n            \n            \u003Ca class=\u0022title link-block\u0022 href=\u0022https:\/\/www.ile-oleron-marennes.com\/handitourisme\/plages-labellisees-et-adaptees\u0022 title=\u0022Plages labellis\u00e9es et adapt\u00e9es\u0022\u003EPlages labellis\u00e9es et adapt\u00e9es\u003C\/a\u003E\n            \n        \u003C\/div\u003E\n    \u003C\/div\u003E\n\u003C\/div\u003E\n\u003C\/div\u003E\u003Cdiv class=\u0022un-resultat col-12 col-sm-6 col-md-4 col-xl-3\u0022\u003E\u003Cdiv class=\u0022entity-content node-page-edito-or-sas teaser node node-page-edito teaser_large click-block\u0022 data-url=\u0022https:\/\/www.ile-oleron-marennes.com\/decouvrir\/l-ile-d-oleron\/le-grand-village-plage\u0022\u003E\n    \u003Cdiv class=\u0022content\u0022\u003E\n        \u003Cdiv class=\u0022content-image\u0022\u003E\n            \n                            \n      \u003Cdiv class=\u0022random-images\u0022\u003E\n              \u003Cdiv\u003E\u003Cdiv class=\u0022image media full\u0022\u003E\n    \n  \u003Cdiv\u003E\n    \u003Cdiv class=\u0022visually-hidden\u0022\u003EImage\u003C\/div\u003E\n              \u003Cdiv\u003E    \u003Cpicture\u003E\n                  \u003Csource srcset=\u0022\/sites\/default\/files\/styles\/teaser_large_xl\/public\/2024-09\/%40arthurhabudzik-%20Marennes%20Ol%C3%A9ron%202022-29.jpg.webp?h=53510d63\u0026amp;itok=rlQeXlQz 1x\u0022 media=\u0022(min-width: 1600px)\u0022 type=\u0022image\/webp\u0022 width=\u0022410\u0022 height=\u0022275\u0022\/\u003E\n              \u003Csource srcset=\u0022\/sites\/default\/files\/styles\/teaser_large_xs\/public\/2024-09\/%40arthurhabudzik-%20Marennes%20Ol%C3%A9ron%202022-29.jpg.webp?h=53510d63\u0026amp;itok=M8V8Uwc9 1x\u0022 media=\u0022(min-width: 0)\u0022 type=\u0022image\/webp\u0022 width=\u0022330\u0022 height=\u0022218\u0022\/\u003E\n                  \u003Cimg loading=\u0022eager\u0022 width=\u0022330\u0022 height=\u0022218\u0022 src=\u0022\/sites\/default\/files\/styles\/teaser_large_xs\/public\/2024-09\/%40arthurhabudzik-%20Marennes%20Ol%C3%A9ron%202022-29.jpg.webp?h=53510d63\u0026amp;itok=M8V8Uwc9\u0022 alt=\u0022Port des Salines, Le Grand-Village-Plage\u0022 \/\u003E\n\n  \u003C\/picture\u003E\n\n\u003C\/div\u003E\n          \u003C\/div\u003E\n    \u003C\/div\u003E\u003C\/div\u003E\n          \u003C\/div\u003E\n  \n                    \u003C\/div\u003E\n        \u003Cdiv class=\u0022content-text\u0022\u003E\n            \n            \u003Ca class=\u0022title link-block\u0022 href=\u0022https:\/\/www.ile-oleron-marennes.com\/decouvrir\/l-ile-d-oleron\/le-grand-village-plage\u0022 title=\u0022Le Grand-Village-Plage\u0022\u003ELe Grand-Village-Plage\u003C\/a\u003E\n            \n        \u003C\/div\u003E\n    \u003C\/div\u003E\n\u003C\/div\u003E\n\u003C\/div\u003E\u003Cdiv class=\u0022un-resultat col-12 col-sm-6 col-md-4 col-xl-3\u0022\u003E\u003Cdiv class=\u0022objet-touristique teaser_large entity-content teaser click-block\u0022 data-id=\u00225704410\u0022 data-title=\u0022Le Caf\u00e9 de la Plage\u0022 data-id-intuitiv=\u0022sit-5704410\u0022 data-url=\u0022https:\/\/www.ile-oleron-marennes.com\/preparer-mes-vacances\/ou-manger-ou-boire-un-verre\/restaurants\/le-cafe-de-la-plage\u0022\u003E\n    \u003Cdiv class=\u0022content\u0022\u003E\n        \u003Cdiv class=\u0022content-image\u0022\u003E\n            \u003Cdiv class=\u0022image\u0022\u003E    \u003Cpicture\u003E\n                  \u003Csource srcset=\u0022\/sites\/default\/files\/styles\/teaser_large_xl\/public\/sit\/images\/5704410\/20197580.jpg.webp?h=ddb1ad0c\u0026amp;itok=WfEPtcIA 1x\u0022 media=\u0022(min-width: 1600px)\u0022 type=\u0022image\/webp\u0022 width=\u0022410\u0022 height=\u0022275\u0022\/\u003E\n              \u003Csource srcset=\u0022\/sites\/default\/files\/styles\/teaser_large_xs\/public\/sit\/images\/5704410\/20197580.jpg.webp?h=ddb1ad0c\u0026amp;itok=dajZ7q2l 1x\u0022 media=\u0022(min-width: 0)\u0022 type=\u0022image\/webp\u0022 width=\u0022330\u0022 height=\u0022218\u0022\/\u003E\n                  \u003Cimg loading=\u0022eager\u0022 width=\u0022330\u0022 height=\u0022218\u0022 src=\u0022\/sites\/default\/files\/styles\/teaser_large_xs\/public\/sit\/images\/5704410\/20197580.jpg.webp?h=ddb1ad0c\u0026amp;itok=dajZ7q2l\u0022 alt=\u0022devanture\u0022 title=\u0022Le Caf\u00e9 de la Plage\u0022 \/\u003E\n\n  \u003C\/picture\u003E\n\n\u003C\/div\u003E\n                                            \n                                                        \u003Cdiv class=\u0022infos-complementaires\u0022\u003EOuvert aujourd\u0027hui\u003C\/div\u003E\n        \u003C\/div\u003E\n        \u003Cdiv class=\u0022content-text\u0022\u003E\n            \n            \n                                        \u003Ca class=\u0022title link-block\u0022 href=\u0022https:\/\/www.ile-oleron-marennes.com\/preparer-mes-vacances\/ou-manger-ou-boire-un-verre\/restaurants\/le-cafe-de-la-plage\u0022 title=\u0022Le Caf\u00e9 de la Plage\u0022\u003ELe Caf\u00e9 de la Plage\u003C\/a\u003E\n                        \n            \u003Cdiv\u003E\n                                \u003Cdiv class=\u0022info-complementaire\u0022\u003ESaint-Georges-d\u0026#039;Ol\u00e9ron\u003C\/div\u003E                                            \u003C\/div\u003E\n        \u003C\/div\u003E\n            \u003C\/div\u003E\n\u003C\/div\u003E\n\u003C\/div\u003E\u003Cdiv class=\u0022un-resultat col-12 col-sm-6 col-md-4 col-xl-3\u0022\u003E\u003Cdiv class=\u0022objet-touristique teaser_large entity-content teaser click-block\u0022 data-id=\u00227666570\u0022 data-title=\u0022Parking de la plage de La Menouni\u00e8re\u0022 data-id-intuitiv=\u0022sit-7666570\u0022 data-url=\u0022https:\/\/www.ile-oleron-marennes.com\/commerces-et-services-sites-communaux\/parking-de-la-plage-de-la-menouniere\u0022\u003E\n    \u003Cdiv class=\u0022content\u0022\u003E\n        \u003Cdiv class=\u0022content-image\u0022\u003E\n            \u003Cdiv class=\u0022image\u0022\u003E    \u003Cpicture\u003E\n                  \u003Csource srcset=\u0022\/sites\/default\/files\/styles\/teaser_large_xl\/public\/sit\/images\/7666570\/37657893.jpg.webp?h=ab622562\u0026amp;itok=2-i7OdQe 1x\u0022 media=\u0022(min-width: 1600px)\u0022 type=\u0022image\/webp\u0022 width=\u0022410\u0022 height=\u0022275\u0022\/\u003E\n              \u003Csource srcset=\u0022\/sites\/default\/files\/styles\/teaser_large_xs\/public\/sit\/images\/7666570\/37657893.jpg.webp?h=ab622562\u0026amp;itok=-hjtuPEM 1x\u0022 media=\u0022(min-width: 0)\u0022 type=\u0022image\/webp\u0022 width=\u0022330\u0022 height=\u0022218\u0022\/\u003E\n                  \u003Cimg loading=\u0022eager\u0022 width=\u0022330\u0022 height=\u0022218\u0022 src=\u0022\/sites\/default\/files\/styles\/teaser_large_xs\/public\/sit\/images\/7666570\/37657893.jpg.webp?h=ab622562\u0026amp;itok=-hjtuPEM\u0022 alt=\u0022Parking de la plage de La Menouni\u00e8re\u0022 title=\u0022Parking de la plage de La Menouni\u00e8re\u0022 \/\u003E\n\n  \u003C\/picture\u003E\n\n\u003C\/div\u003E\n                                            \n                                                        \n        \u003C\/div\u003E\n        \u003Cdiv class=\u0022content-text\u0022\u003E\n            \n            \n                                        \u003Ca class=\u0022title link-block\u0022 href=\u0022https:\/\/www.ile-oleron-marennes.com\/commerces-et-services-sites-communaux\/parking-de-la-plage-de-la-menouniere\u0022 title=\u0022Parking de la plage de La Menouni\u00e8re\u0022\u003EParking de la plage de La Menouni\u00e8re\u003C\/a\u003E\n                        \n            \u003Cdiv\u003E\n                                \u003Cdiv class=\u0022info-complementaire\u0022\u003ESaint-Pierre-d\u0026#039;Ol\u00e9ron\u003C\/div\u003E                                            \u003C\/div\u003E\n        \u003C\/div\u003E\n            \u003C\/div\u003E\n\u003C\/div\u003E\n\u003C\/div\u003E\u003Cdiv class=\u0022un-resultat col-12 col-sm-6 col-md-4 col-xl-3\u0022\u003E\u003Cdiv class=\u0022objet-touristique teaser_large entity-content teaser click-block\u0022 data-id=\u00225719541\u0022 data-title=\u0022Parking de la plage de Matha\u0022 data-id-intuitiv=\u0022sit-5719541\u0022 data-url=\u0022https:\/\/www.ile-oleron-marennes.com\/commerces-et-services-sites-communaux\/parking-de-la-plage-de-matha\u0022\u003E\n    \u003Cdiv class=\u0022content\u0022\u003E\n        \u003Cdiv class=\u0022content-image\u0022\u003E\n            \u003Cdiv class=\u0022image\u0022\u003E    \u003Cpicture\u003E\n                  \u003Csource srcset=\u0022\/sites\/default\/files\/styles\/teaser_large_xl\/public\/sit\/images\/5719541\/9273135.jpg.webp?h=ab622562\u0026amp;itok=UHwk5aa9 1x\u0022 media=\u0022(min-width: 1600px)\u0022 type=\u0022image\/webp\u0022 width=\u0022410\u0022 height=\u0022275\u0022\/\u003E\n              \u003Csource srcset=\u0022\/sites\/default\/files\/styles\/teaser_large_xs\/public\/sit\/images\/5719541\/9273135.jpg.webp?h=ab622562\u0026amp;itok=yO-RGYdz 1x\u0022 media=\u0022(min-width: 0)\u0022 type=\u0022image\/webp\u0022 width=\u0022330\u0022 height=\u0022218\u0022\/\u003E\n                  \u003Cimg loading=\u0022eager\u0022 width=\u0022330\u0022 height=\u0022218\u0022 src=\u0022\/sites\/default\/files\/styles\/teaser_large_xs\/public\/sit\/images\/5719541\/9273135.jpg.webp?h=ab622562\u0026amp;itok=yO-RGYdz\u0022 alt=\u0022Parking\u0022 title=\u0022Parking de la plage de Matha\u0022 \/\u003E\n\n  \u003C\/picture\u003E\n\n\u003C\/div\u003E\n                                            \n                                                        \n        \u003C\/div\u003E\n        \u003Cdiv class=\u0022content-text\u0022\u003E\n            \n            \n                                        \u003Ca class=\u0022title link-block\u0022 href=\u0022https:\/\/www.ile-oleron-marennes.com\/commerces-et-services-sites-communaux\/parking-de-la-plage-de-matha\u0022 title=\u0022Parking de la plage de Matha\u0022\u003EParking de la plage de Matha\u003C\/a\u003E\n                        \n            \u003Cdiv\u003E\n                                \u003Cdiv class=\u0022info-complementaire\u0022\u003ESaint-Pierre-d\u0026#039;Ol\u00e9ron\u003C\/div\u003E                                            \u003C\/div\u003E\n        \u003C\/div\u003E\n            \u003C\/div\u003E\n\u003C\/div\u003E\n\u003C\/div\u003E\u003Cdiv class=\u0022un-resultat col-12 col-sm-6 col-md-4 col-xl-3\u0022\u003E\u003Cdiv class=\u0022objet-touristique teaser_large entity-content teaser click-block\u0022 data-id=\u00225721190\u0022 data-title=\u0022Aire de pique-nique plage de la Boirie N\u00b02\u0022 data-id-intuitiv=\u0022sit-5721190\u0022 data-url=\u0022https:\/\/www.ile-oleron-marennes.com\/preparer-mes-vacances\/ou-manger-ou-boire-un-verre\/aires-de-pique-nique\/aire-de-pique-nique-plage-de-la-boirie-ndeg2\u0022\u003E\n    \u003Cdiv class=\u0022content\u0022\u003E\n        \u003Cdiv class=\u0022content-image\u0022\u003E\n            \u003Cdiv class=\u0022image\u0022\u003E    \u003Cpicture\u003E\n                  \u003Csource srcset=\u0022\/sites\/default\/files\/styles\/teaser_large_xl\/public\/sit\/images\/5721190\/23799485.jpg.webp?h=69f2b9d0\u0026amp;itok=3VQu5ur_ 1x\u0022 media=\u0022(min-width: 1600px)\u0022 type=\u0022image\/webp\u0022 width=\u0022410\u0022 height=\u0022275\u0022\/\u003E\n              \u003Csource srcset=\u0022\/sites\/default\/files\/styles\/teaser_large_xs\/public\/sit\/images\/5721190\/23799485.jpg.webp?h=69f2b9d0\u0026amp;itok=IBWDqZeb 1x\u0022 media=\u0022(min-width: 0)\u0022 type=\u0022image\/webp\u0022 width=\u0022330\u0022 height=\u0022218\u0022\/\u003E\n                  \u003Cimg loading=\u0022eager\u0022 width=\u0022330\u0022 height=\u0022218\u0022 src=\u0022\/sites\/default\/files\/styles\/teaser_large_xs\/public\/sit\/images\/5721190\/23799485.jpg.webp?h=69f2b9d0\u0026amp;itok=IBWDqZeb\u0022 alt=\u0022Aire de pique-nique plage de la Boirie N\u00b02\u0022 title=\u0022Aire de pique-nique plage de la Boirie N\u00b02\u0022 \/\u003E\n\n  \u003C\/picture\u003E\n\n\u003C\/div\u003E\n                                            \n                                                        \n        \u003C\/div\u003E\n        \u003Cdiv class=\u0022content-text\u0022\u003E\n            \n            \n                                        \u003Ca class=\u0022title link-block\u0022 href=\u0022https:\/\/www.ile-oleron-marennes.com\/preparer-mes-vacances\/ou-manger-ou-boire-un-verre\/aires-de-pique-nique\/aire-de-pique-nique-plage-de-la-boirie-ndeg2\u0022 title=\u0022Aire de pique-nique plage de la Boirie N\u00b02\u0022\u003EAire de pique-nique plage de la Boirie N\u00b02\u003C\/a\u003E\n                        \n            \u003Cdiv\u003E\n                                \u003Cdiv class=\u0022info-complementaire\u0022\u003ESaint-Denis-d\u0026#039;Ol\u00e9ron\u003C\/div\u003E                                            \u003C\/div\u003E\n        \u003C\/div\u003E\n            \u003C\/div\u003E\n\u003C\/div\u003E\n\u003C\/div\u003E\u003Cdiv class=\u0022un-resultat col-12 col-sm-6 col-md-4 col-xl-3\u0022\u003E\u003Cdiv class=\u0022objet-touristique teaser_large entity-content teaser click-block\u0022 data-id=\u00225951010\u0022 data-title=\u0022Retour de plage\u0022 data-id-intuitiv=\u0022sit-5951010\u0022 data-url=\u0022https:\/\/www.ile-oleron-marennes.com\/preparer-mes-vacances\/quoi-faire\/artisanat-et-galeries-d-art\/retour-de-plage-2\u0022\u003E\n    \u003Cdiv class=\u0022content\u0022\u003E\n        \u003Cdiv class=\u0022content-image\u0022\u003E\n            \u003Cdiv class=\u0022image\u0022\u003E    \u003Cpicture\u003E\n                  \u003Csource srcset=\u0022\/sites\/default\/files\/styles\/teaser_large_xl\/public\/sit\/images\/5951010\/32255593.jpg.webp?h=69f2b9d0\u0026amp;itok=TQEFbbxy 1x\u0022 media=\u0022(min-width: 1600px)\u0022 type=\u0022image\/webp\u0022 width=\u0022410\u0022 height=\u0022275\u0022\/\u003E\n              \u003Csource srcset=\u0022\/sites\/default\/files\/styles\/teaser_large_xs\/public\/sit\/images\/5951010\/32255593.jpg.webp?h=69f2b9d0\u0026amp;itok=bzyBO4TW 1x\u0022 media=\u0022(min-width: 0)\u0022 type=\u0022image\/webp\u0022 width=\u0022330\u0022 height=\u0022218\u0022\/\u003E\n                  \u003Cimg loading=\u0022eager\u0022 width=\u0022330\u0022 height=\u0022218\u0022 src=\u0022\/sites\/default\/files\/styles\/teaser_large_xs\/public\/sit\/images\/5951010\/32255593.jpg.webp?h=69f2b9d0\u0026amp;itok=bzyBO4TW\u0022 alt=\u0022Retour de plage_Saint-Pierre-d\u0026#039;Ol\u00e9ron\u0022 title=\u0022Retour de plage\u0022 \/\u003E\n\n  \u003C\/picture\u003E\n\n\u003C\/div\u003E\n                                            \n                                                        \n        \u003C\/div\u003E\n        \u003Cdiv class=\u0022content-text\u0022\u003E\n            \n            \n                                        \u003Ca class=\u0022title link-block\u0022 href=\u0022https:\/\/www.ile-oleron-marennes.com\/preparer-mes-vacances\/quoi-faire\/artisanat-et-galeries-d-art\/retour-de-plage-2\u0022 title=\u0022Retour de plage\u0022\u003ERetour de plage\u003C\/a\u003E\n                        \n            \u003Cdiv\u003E\n                                \u003Cdiv class=\u0022info-complementaire\u0022\u003ESaint-Pierre-d\u0026#039;Ol\u00e9ron\u003C\/div\u003E                                            \u003C\/div\u003E\n        \u003C\/div\u003E\n            \u003C\/div\u003E\n\u003C\/div\u003E\n\u003C\/div\u003E\u003Cdiv class=\u0022un-resultat col-12 col-sm-6 col-md-4 col-xl-3\u0022\u003E\u003Cdiv class=\u0022objet-touristique teaser_large entity-content teaser click-block\u0022 data-id=\u00225727904\u0022 data-title=\u0022Aire de pique nique Plage de Plaisance\u0022 data-id-intuitiv=\u0022sit-5727904\u0022 data-url=\u0022https:\/\/www.ile-oleron-marennes.com\/preparer-mes-vacances\/ou-manger-ou-boire-un-verre\/aires-de-pique-nique\/aire-de-pique-nique-plage-de-plaisance\u0022\u003E\n    \u003Cdiv class=\u0022content\u0022\u003E\n        \u003Cdiv class=\u0022content-image\u0022\u003E\n            \u003Cdiv class=\u0022image\u0022\u003E    \u003Cpicture\u003E\n                  \u003Csource srcset=\u0022\/sites\/default\/files\/styles\/teaser_large_xl\/public\/sit\/images\/5727904\/39975550.jpg.webp?h=a2b7f8c1\u0026amp;itok=1y0XnWXZ 1x\u0022 media=\u0022(min-width: 1600px)\u0022 type=\u0022image\/webp\u0022 width=\u0022410\u0022 height=\u0022275\u0022\/\u003E\n              \u003Csource srcset=\u0022\/sites\/default\/files\/styles\/teaser_large_xs\/public\/sit\/images\/5727904\/39975550.jpg.webp?h=a2b7f8c1\u0026amp;itok=yN7uJ9fB 1x\u0022 media=\u0022(min-width: 0)\u0022 type=\u0022image\/webp\u0022 width=\u0022330\u0022 height=\u0022218\u0022\/\u003E\n                  \u003Cimg loading=\u0022eager\u0022 width=\u0022330\u0022 height=\u0022218\u0022 src=\u0022\/sites\/default\/files\/styles\/teaser_large_xs\/public\/sit\/images\/5727904\/39975550.jpg.webp?h=a2b7f8c1\u0026amp;itok=yN7uJ9fB\u0022 alt=\u0022Aire de pique nique Plage de Plaisance_Saint-Georges-d\u0026#039;Ol\u00e9ron\u0022 title=\u0022table PMR\u0022 \/\u003E\n\n  \u003C\/picture\u003E\n\n\u003C\/div\u003E\n                                            \n                                                        \n        \u003C\/div\u003E\n        \u003Cdiv class=\u0022content-text\u0022\u003E\n            \n            \n                                        \u003Ca class=\u0022title link-block\u0022 href=\u0022https:\/\/www.ile-oleron-marennes.com\/preparer-mes-vacances\/ou-manger-ou-boire-un-verre\/aires-de-pique-nique\/aire-de-pique-nique-plage-de-plaisance\u0022 title=\u0022Aire de pique nique Plage de Plaisance\u0022\u003EAire de pique nique Plage de Plaisance\u003C\/a\u003E\n                        \n            \u003Cdiv\u003E\n                                \u003Cdiv class=\u0022info-complementaire\u0022\u003ESaint-Georges-d\u0026#039;Ol\u00e9ron\u003C\/div\u003E                                            \u003C\/div\u003E\n        \u003C\/div\u003E\n            \u003C\/div\u003E\n\u003C\/div\u003E\n\u003C\/div\u003E\u003Cdiv class=\u0022un-resultat col-12 col-sm-6 col-md-4 col-xl-3\u0022\u003E\u003Cdiv class=\u0022objet-touristique teaser_large entity-content teaser click-block\u0022 data-id=\u00225772627\u0022 data-title=\u0022Camping Les Sables Vignier Plage\u0022 data-id-intuitiv=\u0022sit-5772627\u0022 data-url=\u0022https:\/\/www.ile-oleron-marennes.com\/preparer-mes-vacances\/ou-dormir\/hotels-de-plein-air-et-campings\/camping-les-sables-vignier-plage\u0022\u003E\n    \u003Cdiv class=\u0022content\u0022\u003E\n        \u003Cdiv class=\u0022content-image\u0022\u003E\n            \u003Cdiv class=\u0022image\u0022\u003E    \u003Cpicture\u003E\n                  \u003Csource srcset=\u0022\/sites\/default\/files\/styles\/teaser_large_xl\/public\/sit\/images\/5772627\/15696195.jpg.webp?h=dc81eca6\u0026amp;itok=7SYahHv4 1x\u0022 media=\u0022(min-width: 1600px)\u0022 type=\u0022image\/webp\u0022 width=\u0022410\u0022 height=\u0022275\u0022\/\u003E\n              \u003Csource srcset=\u0022\/sites\/default\/files\/styles\/teaser_large_xs\/public\/sit\/images\/5772627\/15696195.jpg.webp?h=dc81eca6\u0026amp;itok=cmjATxdT 1x\u0022 media=\u0022(min-width: 0)\u0022 type=\u0022image\/webp\u0022 width=\u0022330\u0022 height=\u0022218\u0022\/\u003E\n                  \u003Cimg loading=\u0022eager\u0022 width=\u0022330\u0022 height=\u0022218\u0022 src=\u0022\/sites\/default\/files\/styles\/teaser_large_xs\/public\/sit\/images\/5772627\/15696195.jpg.webp?h=dc81eca6\u0026amp;itok=cmjATxdT\u0022 alt=\u0022vue camping\u0022 title=\u0022Camping Les Sables Vignier Plage\u0022 \/\u003E\n\n  \u003C\/picture\u003E\n\n\u003C\/div\u003E\n                                                \u003Cdiv class=\u0022content-labels\u0022\u003E\n                        \u003Cdiv class=\u0022label blanc\u0022\u003ER\u00e9server en ligne\u003C\/div\u003E\n                    \u003C\/div\u003E\n                                \u003Cspan class=\u0022classement classement-3-etoiles\u0022\u003E\u003C\/span\u003E\n                                                        \n        \u003C\/div\u003E\n        \u003Cdiv class=\u0022content-text\u0022\u003E\n            \n            \n                                        \u003Ca class=\u0022title link-block\u0022 href=\u0022https:\/\/www.ile-oleron-marennes.com\/preparer-mes-vacances\/ou-dormir\/hotels-de-plein-air-et-campings\/camping-les-sables-vignier-plage\u0022 title=\u0022Camping Les Sables Vignier Plage\u0022\u003ECamping Les Sables Vignier Plage\u003C\/a\u003E\n                        \n            \u003Cdiv\u003E\n                                \u003Cdiv class=\u0022info-complementaire\u0022\u003ESaint-Georges-d\u0026#039;Ol\u00e9ron\u003C\/div\u003E                                            \u003C\/div\u003E\n        \u003C\/div\u003E\n            \u003C\/div\u003E\n\u003C\/div\u003E\n\u003C\/div\u003E\u003Cdiv class=\u0022un-resultat col-12 col-sm-6 col-md-4 col-xl-3\u0022\u003E\u003Cdiv class=\u0022objet-touristique teaser_large entity-content teaser click-block\u0022 data-id=\u00225699101\u0022 data-title=\u0022Retour de plage\u0022 data-id-intuitiv=\u0022sit-5699101\u0022 data-url=\u0022https:\/\/www.ile-oleron-marennes.com\/preparer-mes-vacances\/quoi-faire\/artisanat-et-galeries-d-art\/retour-de-plage\u0022\u003E\n    \u003Cdiv class=\u0022content\u0022\u003E\n        \u003Cdiv class=\u0022content-image\u0022\u003E\n            \u003Cdiv class=\u0022image\u0022\u003E    \u003Cpicture\u003E\n                  \u003Csource srcset=\u0022\/sites\/default\/files\/styles\/teaser_large_xl\/public\/sit\/images\/5699101\/19656462.jpg.webp?h=199d8c1f\u0026amp;itok=fbapIdPL 1x\u0022 media=\u0022(min-width: 1600px)\u0022 type=\u0022image\/webp\u0022 width=\u0022410\u0022 height=\u0022275\u0022\/\u003E\n              \u003Csource srcset=\u0022\/sites\/default\/files\/styles\/teaser_large_xs\/public\/sit\/images\/5699101\/19656462.jpg.webp?h=199d8c1f\u0026amp;itok=mCzSGyRt 1x\u0022 media=\u0022(min-width: 0)\u0022 type=\u0022image\/webp\u0022 width=\u0022330\u0022 height=\u0022218\u0022\/\u003E\n                  \u003Cimg loading=\u0022eager\u0022 width=\u0022330\u0022 height=\u0022218\u0022 src=\u0022\/sites\/default\/files\/styles\/teaser_large_xs\/public\/sit\/images\/5699101\/19656462.jpg.webp?h=199d8c1f\u0026amp;itok=mCzSGyRt\u0022 alt=\u0022Retour de plage\u0022 title=\u0022Retour de plage\u0022 \/\u003E\n\n  \u003C\/picture\u003E\n\n\u003C\/div\u003E\n                                            \n                                                        \n        \u003C\/div\u003E\n        \u003Cdiv class=\u0022content-text\u0022\u003E\n            \n            \n                                        \u003Ca class=\u0022title link-block\u0022 href=\u0022https:\/\/www.ile-oleron-marennes.com\/preparer-mes-vacances\/quoi-faire\/artisanat-et-galeries-d-art\/retour-de-plage\u0022 title=\u0022Retour de plage\u0022\u003ERetour de plage\u003C\/a\u003E\n                        \n            \u003Cdiv\u003E\n                                \u003Cdiv class=\u0022info-complementaire\u0022\u003ESaint-Trojan-les-Bains\u003C\/div\u003E                                            \u003C\/div\u003E\n        \u003C\/div\u003E\n            \u003C\/div\u003E\n\u003C\/div\u003E\n\u003C\/div\u003E\u003C\/div\u003E\n","settings":null},{"command":"insert","method":"html","selector":"#wrapper-more","data":"\u003Cdiv id=\u0022wrapper-more\u0022 class=\u0022action\u0022\u003E\n  \u003Ca rel=\u0022nofollow\u0022 href=\u0022\/suggestions\/plage\/2\/ajax\u0022 class=\u0022bt-refresh use-ajax\u0022 title=\u0022En d\u00e9couvrir plus\u0022\u003EEn d\u00e9couvrir plus\u003C\/a\u003E\n\u003C\/div\u003E\n","settings":null}]